{"id":2425134,"date":"2024-08-08T09:05:41","date_gmt":"2024-08-08T07:05:41","guid":{"rendered":"https:\/\/www.schulelindern.de\/?p=2425134"},"modified":"2024-08-08T09:06:19","modified_gmt":"2024-08-08T07:06:19","slug":"wichtige-mitteilungen-zum-neuen-schuljahr-2024-2025","status":"publish","type":"post","link":"https:\/\/www.schulelindern.de\/?p=2425134","title":{"rendered":"Wichtige Mitteilungen zum neuen Schuljahr 2024\/2025"},"content":{"rendered":"\n<p>Mit dem Start des neuen Schuljahres 2024\/2025 freut sich die Nieders\u00e4chsische Kultusministerin, Julia Willie Hamburg, Ihnen einige wichtige Neuerungen und Programme vorzustellen. Dieses Jahr erreichen wir mit 840.000 Sch\u00fclerinnen und Sch\u00fclern einen neuen Rekord. Um den Lehrkr\u00e4ftebedarf zu decken, wurden 2.460 neue Stellen geschaffen. Besonders im Fokus stehen die Programme zur Bildungsgerechtigkeit wie der Sozialindex, das Startchancenprogramm und die Lernzeit \u201eSichere Basis\u201c.<\/p>\n\n\n\n<h3 class=\"wp-block-heading\">Briefe der Ministerin<\/h3>\n\n\n\n<ul class=\"wp-block-list\">\n<li><strong>F\u00fcr die Erziehungsberechtigten<\/strong>: Lesen Sie den Brief der Ministerin an die Eltern und Erziehungsberechtigten <a href=\"https:\/\/www.schulelindern.de\/wp-content\/uploads\/2024\/08\/Brief_der_Ministerin_Eltern_und_Erziehungsberechtigte.pdf\" target=\"_blank\" rel=\"noreferrer noopener\">hier<\/a>.<\/li>\n\n\n\n<li><strong>F\u00fcr die Sch\u00fclerinnen und Sch\u00fcler der Grundschule<\/strong>: Lest den Brief der Ministerin an die Grundsch\u00fclerinnen und Grundsch\u00fcler <a href=\"https:\/\/www.schulelindern.de\/wp-content\/uploads\/2024\/08\/Brief_der_Ministerin_GS_F_S.pdf\" target=\"_blank\" rel=\"noreferrer noopener\">hier<\/a>.<\/li>\n\n\n\n<li><strong>F\u00fcr die Sch\u00fclerinnen und Sch\u00fcler der Oberschule<\/strong>: Lest den Brief der Ministerin an die Sch\u00fclerinnen und Sch\u00fcler der Oberschule <a href=\"https:\/\/www.schulelindern.de\/wp-content\/uploads\/2024\/08\/Brief_der_Ministerin_SekI_und_BBS.pdf\" target=\"_blank\" rel=\"noreferrer noopener\">hier<\/a>.<\/li>\n<\/ul>\n\n\n\n<p><\/p>\n","protected":false},"excerpt":{"rendered":"<p>Mit dem Start des neuen Schuljahres 2024\/2025 freut sich die Nieders\u00e4chsische Kultusministerin, Julia Willie Hamburg, Ihnen einige wichtige Neuerungen und Programme vorzustellen. Dieses Jahr erreichen wir mit 840.000 Sch\u00fclerinnen und Sch\u00fclern einen neuen Rekord. Um den Lehrkr\u00e4ftebedarf zu decken, wurden &hellip; <a href=\"https:\/\/www.schulelindern.de\/?p=2425134\">Weiterlesen <span class=\"meta-nav\">&rarr;<\/span><\/a><\/p>\n","protected":false},"author":1002,"featured_media":0,"comment_status":"closed","ping_status":"closed","sticky":true,"template":"","format":"standard","meta":{"footnotes":""},"categories":[106],"tags":[364,363,365],"class_list":["post-2425134","post","type-post","status-publish","format-standard","hentry","category-aktuelles","tag-bildungsgerechtigkeit","tag-neues-schuljahr","tag-startchancenprogramm"],"_links":{"self":[{"href":"https:\/\/www.schulelindern.de\/index.php?rest_route=\/wp\/v2\/posts\/2425134","targetHints":{"allow":["GET"]}}],"collection":[{"href":"https:\/\/www.schulelindern.de\/index.php?rest_route=\/wp\/v2\/posts"}],"about":[{"href":"https:\/\/www.schulelindern.de\/index.php?rest_route=\/wp\/v2\/types\/post"}],"author":[{"embeddable":true,"href":"https:\/\/www.schulelindern.de\/index.php?rest_route=\/wp\/v2\/users\/1002"}],"replies":[{"embeddable":true,"href":"https:\/\/www.schulelindern.de\/index.php?rest_route=%2Fwp%2Fv2%2Fcomments&post=2425134"}],"version-history":[{"count":1,"href":"https:\/\/www.schulelindern.de\/index.php?rest_route=\/wp\/v2\/posts\/2425134\/revisions"}],"predecessor-version":[{"id":2425138,"href":"https:\/\/www.schulelindern.de\/index.php?rest_route=\/wp\/v2\/posts\/2425134\/revisions\/2425138"}],"wp:attachment":[{"href":"https:\/\/www.schulelindern.de\/index.php?rest_route=%2Fwp%2Fv2%2Fmedia&parent=2425134"}],"wp:term":[{"taxonomy":"category","embeddable":true,"href":"https:\/\/www.schulelindern.de\/index.php?rest_route=%2Fwp%2Fv2%2Fcategories&post=2425134"},{"taxonomy":"post_tag","embeddable":true,"href":"https:\/\/www.schulelindern.de\/index.php?rest_route=%2Fwp%2Fv2%2Ftags&post=2425134"}],"curies":[{"name":"wp","href":"https:\/\/api.w.org\/{rel}","templated":true}]}}