{"id":2425113,"date":"2024-06-18T17:55:37","date_gmt":"2024-06-18T15:55:37","guid":{"rendered":"https:\/\/www.schulelindern.de\/?p=2425113"},"modified":"2024-06-18T17:55:37","modified_gmt":"2024-06-18T15:55:37","slug":"all-eyez-on-us","status":"publish","type":"post","link":"https:\/\/www.schulelindern.de\/?p=2425113","title":{"rendered":"\u201eAll eyez on us\u201c"},"content":{"rendered":"\n<p><strong>Alle Augen richteten sich am Freitag auf 29 Sch\u00fclerinnen und Sch\u00fcler der<\/strong><\/p>\n\n\n\n<p>Grund- und Oberschule Lindern. Im feierlichen Rahmen erhielten 20 Absolventen aus dem Jahrgang 10 und 9 aus dem Jahrgang 9 ihre Abschlusszeugnisse.<\/p>\n\n\n\n<p>In einer meditativen Einstimmung blickten die Sch\u00fclerinnen und Sch\u00fcler auf die sch\u00f6nen Momente ihrer Schulzeit zur\u00fcck. So wurden unter anderem der Erasmus-Austausch, die Abschlussfahrt nach Hamburg und die Fahrt des Franz\u00f6sischkurses nach Paris hervorgehoben. Viele stellten fest, dass sie tolle Freundschaften geschlossen haben, erinnerten sich an den allerersten Schultag an dieser Schule, den Gr\u00fcnen Platz zum Fu\u00dfballspielen und an das rote Sofa im Klassenraum. &nbsp;<\/p>\n\n\n\n<p>Schulleiterin Petra Wodke-Schmeier thematisierte in ihrer Rede die hinter den Sch\u00fclern liegenden Tests und Arbeiten, die letzten Unterrichtsstunden, die Eins\u00e4tze und das Engagement jedes Einzelnen. \u201eDer R\u00fcckblick auf die Zeit in der Schule zeigt, ihr alle hattet die Chance, die notwendigen<\/p>\n\n\n\n<p>Grundlagen zu erlernen, die ihr f\u00fcr eine weiterf\u00fchrende Schule oder f\u00fcr eine Ausbildung braucht.\u201c Sie appellierte an die Sch\u00fcler und Sch\u00fclerinnen, dass sie sich Ziele setzen und sich auf den Weg machen sollen. Die T\u00fcren st\u00fcnden offen. &nbsp;<\/p>\n\n\n\n<p>Auch die B\u00fcrgermeisterin Frau Dr. Lydia Kocar rief die Sch\u00fcler auf in die<\/p>\n\n\n\n<p>Welt hinauszugehen, aber gerne zur\u00fcckzukommen. \u201eSeid Botschafter f\u00fcr<\/p>\n\n\n\n<p>Lindern.\u201c Frau Kocar erinnerte sich an ihr Kennenlernen dieser Abschlusssch\u00fcler und bedankte sich f\u00fcr die einzigartige Einladung zu dieser Veranstaltung.<\/p>\n\n\n\n<p>Die beiden Klassenlehrerinnen wiesen auf die Besonderheiten des<\/p>\n\n\n\n<p>Jahrgangs hin: Vielfalt und Heterogenit\u00e4t kennzeichneten den Jahrgang. Dies habe zu einem reichen Erfahrungsschatz f\u00fcr alle gef\u00fchrt. Die Sch\u00fcler mussten lernen, dass nicht alle so leben und denken, wie sie selbst. Sie \u00fcbten sich in Toleranz und R\u00fccksicht nehmen. &nbsp;<\/p>\n\n\n\n<p>Ein letztes Mal \u00fcberreichte Oberschulrektorin Petra Wodke-Schmeier den<\/p>\n\n\n\n<p>Sch\u00fclerinnen und Sch\u00fclern die Zeugnisse und gab den Absolventen ein Zitat von Pippi Langstrumpf mit auf den Weg: \u201eDas habe ich noch nie vorher versucht, also bin ich v\u00f6llig sicher, dass ich es schaffe.\u201c<\/p>\n\n\n\n<p>Als Jahrgangsbeste wurden Aaron Beyer aus der Klasse 9 und Tiana Graz aus der Klasse 10 geehrt. &nbsp;<\/p>\n\n\n\n<p>Musikalisch und k\u00fcnstlerisch umrahmt wurde die Feier von der 3. Klasse der Grundschule und dem Theater-Profil der Oberschule.<\/p>\n\n\n\n<p>Die Feierlichkeiten lie\u00dfen die Abschlussch\u00fclerinen und Abschlussch\u00fcler gemeinsam mit ihren Eltern bei einem Sektempfang in der Aula und mit einem von ihnen reichlich angerichteten Buffet ausklingen, hierzu war das Kollegium der Oberschule herzlich eingeladen.<\/p>\n\n\n\n<figure class=\"wp-block-image size-large\"><img loading=\"lazy\" decoding=\"async\" width=\"500\" height=\"333\" src=\"https:\/\/www.schulelindern.de\/wp-content\/uploads\/2024\/06\/IMG_6121-1-500x333.jpg\" alt=\"\" class=\"wp-image-2425115\" srcset=\"https:\/\/www.schulelindern.de\/wp-content\/uploads\/2024\/06\/IMG_6121-1-500x333.jpg 500w, https:\/\/www.schulelindern.de\/wp-content\/uploads\/2024\/06\/IMG_6121-1-300x200.jpg 300w, https:\/\/www.schulelindern.de\/wp-content\/uploads\/2024\/06\/IMG_6121-1-768x512.jpg 768w, https:\/\/www.schulelindern.de\/wp-content\/uploads\/2024\/06\/IMG_6121-1-1536x1024.jpg 1536w, https:\/\/www.schulelindern.de\/wp-content\/uploads\/2024\/06\/IMG_6121-1-2048x1365.jpg 2048w, https:\/\/www.schulelindern.de\/wp-content\/uploads\/2024\/06\/IMG_6121-1-450x300.jpg 450w\" sizes=\"auto, (max-width: 500px) 100vw, 500px\" \/><\/figure>\n","protected":false},"excerpt":{"rendered":"<p>Alle Augen richteten sich am Freitag auf 29 Sch\u00fclerinnen und Sch\u00fcler der Grund- und Oberschule Lindern. Im feierlichen Rahmen erhielten 20 Absolventen aus dem Jahrgang 10 und 9 aus dem Jahrgang 9 ihre Abschlusszeugnisse. In einer meditativen Einstimmung blickten die &hellip; <a href=\"https:\/\/www.schulelindern.de\/?p=2425113\">Weiterlesen <span class=\"meta-nav\">&rarr;<\/span><\/a><\/p>\n","protected":false},"author":1002,"featured_media":0,"comment_status":"closed","ping_status":"closed","sticky":true,"template":"","format":"standard","meta":{"footnotes":""},"categories":[106],"tags":[],"class_list":["post-2425113","post","type-post","status-publish","format-standard","hentry","category-aktuelles"],"_links":{"self":[{"href":"https:\/\/www.schulelindern.de\/index.php?rest_route=\/wp\/v2\/posts\/2425113","targetHints":{"allow":["GET"]}}],"collection":[{"href":"https:\/\/www.schulelindern.de\/index.php?rest_route=\/wp\/v2\/posts"}],"about":[{"href":"https:\/\/www.schulelindern.de\/index.php?rest_route=\/wp\/v2\/types\/post"}],"author":[{"embeddable":true,"href":"https:\/\/www.schulelindern.de\/index.php?rest_route=\/wp\/v2\/users\/1002"}],"replies":[{"embeddable":true,"href":"https:\/\/www.schulelindern.de\/index.php?rest_route=%2Fwp%2Fv2%2Fcomments&post=2425113"}],"version-history":[{"count":1,"href":"https:\/\/www.schulelindern.de\/index.php?rest_route=\/wp\/v2\/posts\/2425113\/revisions"}],"predecessor-version":[{"id":2425116,"href":"https:\/\/www.schulelindern.de\/index.php?rest_route=\/wp\/v2\/posts\/2425113\/revisions\/2425116"}],"wp:attachment":[{"href":"https:\/\/www.schulelindern.de\/index.php?rest_route=%2Fwp%2Fv2%2Fmedia&parent=2425113"}],"wp:term":[{"taxonomy":"category","embeddable":true,"href":"https:\/\/www.schulelindern.de\/index.php?rest_route=%2Fwp%2Fv2%2Fcategories&post=2425113"},{"taxonomy":"post_tag","embeddable":true,"href":"https:\/\/www.schulelindern.de\/index.php?rest_route=%2Fwp%2Fv2%2Ftags&post=2425113"}],"curies":[{"name":"wp","href":"https:\/\/api.w.org\/{rel}","templated":true}]}}