{"id":2425109,"date":"2024-06-18T17:50:08","date_gmt":"2024-06-18T15:50:08","guid":{"rendered":"https:\/\/www.schulelindern.de\/?p=2425109"},"modified":"2024-06-18T17:50:08","modified_gmt":"2024-06-18T15:50:08","slug":"die-jahrgaenge-9-und-10-erlebten-auf-der-ideenexpo-zahlreiche-ausbildungsberufe-und-studiengaenge-im-mint-bereich","status":"publish","type":"post","link":"https:\/\/www.schulelindern.de\/?p=2425109","title":{"rendered":"Die Jahrg\u00e4nge 9 und 10 erlebten auf der Ideenexpo zahlreiche Ausbildungsberufe und Studieng\u00e4nge im MINT-Bereich"},"content":{"rendered":"\n<p>Technik kann begeistern. Erst recht, wann man mitmachen kann. Mit Begeisterung konnten dies die Jahrg\u00e4nge 9 und 10 auf der Ideenexpo in Hannover erleben. Die Sch\u00fclerinnen und Sch\u00fcler nahmen an dem gr\u00f6\u00dften Jugend-Event Europas f\u00fcr Technik und Naturwissenschaft teil \u2013 eine einzigartige Mitmach- und Erlebnisveranstaltung. Im Rahmen der Berufsorientierung konnten die Sch\u00fclerinnen und Sch\u00fcler viele verschiedenen Ausbildungsberufe und Studieng\u00e4nge im MINT-Bereich entdecken.<\/p>\n\n\n\n<figure class=\"wp-block-image size-large\"><img loading=\"lazy\" decoding=\"async\" width=\"500\" height=\"304\" src=\"https:\/\/www.schulelindern.de\/wp-content\/uploads\/2024\/06\/WhatsApp-Image-2024-06-18-at-08.08.26-1-500x304.jpeg\" alt=\"\" class=\"wp-image-2425111\" srcset=\"https:\/\/www.schulelindern.de\/wp-content\/uploads\/2024\/06\/WhatsApp-Image-2024-06-18-at-08.08.26-1-500x304.jpeg 500w, https:\/\/www.schulelindern.de\/wp-content\/uploads\/2024\/06\/WhatsApp-Image-2024-06-18-at-08.08.26-1-300x182.jpeg 300w, https:\/\/www.schulelindern.de\/wp-content\/uploads\/2024\/06\/WhatsApp-Image-2024-06-18-at-08.08.26-1-768x467.jpeg 768w, https:\/\/www.schulelindern.de\/wp-content\/uploads\/2024\/06\/WhatsApp-Image-2024-06-18-at-08.08.26-1-1536x934.jpeg 1536w, https:\/\/www.schulelindern.de\/wp-content\/uploads\/2024\/06\/WhatsApp-Image-2024-06-18-at-08.08.26-1-493x300.jpeg 493w, https:\/\/www.schulelindern.de\/wp-content\/uploads\/2024\/06\/WhatsApp-Image-2024-06-18-at-08.08.26-1.jpeg 1600w\" sizes=\"auto, (max-width: 500px) 100vw, 500px\" \/><\/figure>\n","protected":false},"excerpt":{"rendered":"<p>Technik kann begeistern. Erst recht, wann man mitmachen kann. Mit Begeisterung konnten dies die Jahrg\u00e4nge 9 und 10 auf der Ideenexpo in Hannover erleben. Die Sch\u00fclerinnen und Sch\u00fcler nahmen an dem gr\u00f6\u00dften Jugend-Event Europas f\u00fcr Technik und Naturwissenschaft teil \u2013 &hellip; <a href=\"https:\/\/www.schulelindern.de\/?p=2425109\">Weiterlesen <span class=\"meta-nav\">&rarr;<\/span><\/a><\/p>\n","protected":false},"author":1002,"featured_media":0,"comment_status":"closed","ping_status":"closed","sticky":true,"template":"","format":"standard","meta":{"footnotes":""},"categories":[106],"tags":[],"class_list":["post-2425109","post","type-post","status-publish","format-standard","hentry","category-aktuelles"],"_links":{"self":[{"href":"https:\/\/www.schulelindern.de\/index.php?rest_route=\/wp\/v2\/posts\/2425109","targetHints":{"allow":["GET"]}}],"collection":[{"href":"https:\/\/www.schulelindern.de\/index.php?rest_route=\/wp\/v2\/posts"}],"about":[{"href":"https:\/\/www.schulelindern.de\/index.php?rest_route=\/wp\/v2\/types\/post"}],"author":[{"embeddable":true,"href":"https:\/\/www.schulelindern.de\/index.php?rest_route=\/wp\/v2\/users\/1002"}],"replies":[{"embeddable":true,"href":"https:\/\/www.schulelindern.de\/index.php?rest_route=%2Fwp%2Fv2%2Fcomments&post=2425109"}],"version-history":[{"count":1,"href":"https:\/\/www.schulelindern.de\/index.php?rest_route=\/wp\/v2\/posts\/2425109\/revisions"}],"predecessor-version":[{"id":2425112,"href":"https:\/\/www.schulelindern.de\/index.php?rest_route=\/wp\/v2\/posts\/2425109\/revisions\/2425112"}],"wp:attachment":[{"href":"https:\/\/www.schulelindern.de\/index.php?rest_route=%2Fwp%2Fv2%2Fmedia&parent=2425109"}],"wp:term":[{"taxonomy":"category","embeddable":true,"href":"https:\/\/www.schulelindern.de\/index.php?rest_route=%2Fwp%2Fv2%2Fcategories&post=2425109"},{"taxonomy":"post_tag","embeddable":true,"href":"https:\/\/www.schulelindern.de\/index.php?rest_route=%2Fwp%2Fv2%2Ftags&post=2425109"}],"curies":[{"name":"wp","href":"https:\/\/api.w.org\/{rel}","templated":true}]}}