{"id":2425092,"date":"2024-05-29T11:29:12","date_gmt":"2024-05-29T09:29:12","guid":{"rendered":"https:\/\/www.schulelindern.de\/?p=2425092"},"modified":"2024-05-29T11:29:12","modified_gmt":"2024-05-29T09:29:12","slug":"gesamte-oberschule-lindern-besucht-das-klimahaus-in-bremerhaven","status":"publish","type":"post","link":"https:\/\/www.schulelindern.de\/?p=2425092","title":{"rendered":"Gesamte Oberschule Lindern besucht das Klimahaus in Bremerhaven"},"content":{"rendered":"\n<p>Mit mehreren Bussen startete die Oberschule am Dienstag, dem 28.05. Richtung Bremerhaven. Dort verbrachten sie einen Tag im Klimahaus und konnten sich einen Eindruck vom 8. L\u00e4ngengrad Ost machen. Sie erlebten die Klimazonen der Erde auf spannende und beeindruckende Weise hautnah. Sie durchquerten f\u00fcnf Kontinente und trafen auf Menschen aus aller Welt, die aus ihrem Alltag erz\u00e4hlten und berichteten. Erm\u00f6glicht wurde diese Aktion durch den Erl\u00f6s, den die Sch\u00fcler selbst auf dem Nikolausmarkt erwirtschaftet haben.<\/p>\n\n\n\n<figure class=\"wp-block-image size-large\"><img loading=\"lazy\" decoding=\"async\" width=\"500\" height=\"375\" src=\"https:\/\/www.schulelindern.de\/wp-content\/uploads\/2024\/05\/WhatsApp-Image-2024-05-29-at-09.58.53-500x375.jpeg\" alt=\"\" class=\"wp-image-2425093\" srcset=\"https:\/\/www.schulelindern.de\/wp-content\/uploads\/2024\/05\/WhatsApp-Image-2024-05-29-at-09.58.53-500x375.jpeg 500w, https:\/\/www.schulelindern.de\/wp-content\/uploads\/2024\/05\/WhatsApp-Image-2024-05-29-at-09.58.53-300x225.jpeg 300w, https:\/\/www.schulelindern.de\/wp-content\/uploads\/2024\/05\/WhatsApp-Image-2024-05-29-at-09.58.53-768x576.jpeg 768w, https:\/\/www.schulelindern.de\/wp-content\/uploads\/2024\/05\/WhatsApp-Image-2024-05-29-at-09.58.53-1536x1152.jpeg 1536w, https:\/\/www.schulelindern.de\/wp-content\/uploads\/2024\/05\/WhatsApp-Image-2024-05-29-at-09.58.53-400x300.jpeg 400w, https:\/\/www.schulelindern.de\/wp-content\/uploads\/2024\/05\/WhatsApp-Image-2024-05-29-at-09.58.53.jpeg 1600w\" sizes=\"auto, (max-width: 500px) 100vw, 500px\" \/><\/figure>\n","protected":false},"excerpt":{"rendered":"<p>Mit mehreren Bussen startete die Oberschule am Dienstag, dem 28.05. Richtung Bremerhaven. Dort verbrachten sie einen Tag im Klimahaus und konnten sich einen Eindruck vom 8. L\u00e4ngengrad Ost machen. Sie erlebten die Klimazonen der Erde auf spannende und beeindruckende Weise &hellip; <a href=\"https:\/\/www.schulelindern.de\/?p=2425092\">Weiterlesen <span class=\"meta-nav\">&rarr;<\/span><\/a><\/p>\n","protected":false},"author":1002,"featured_media":0,"comment_status":"closed","ping_status":"closed","sticky":true,"template":"","format":"standard","meta":{"footnotes":""},"categories":[106],"tags":[],"class_list":["post-2425092","post","type-post","status-publish","format-standard","hentry","category-aktuelles"],"_links":{"self":[{"href":"https:\/\/www.schulelindern.de\/index.php?rest_route=\/wp\/v2\/posts\/2425092","targetHints":{"allow":["GET"]}}],"collection":[{"href":"https:\/\/www.schulelindern.de\/index.php?rest_route=\/wp\/v2\/posts"}],"about":[{"href":"https:\/\/www.schulelindern.de\/index.php?rest_route=\/wp\/v2\/types\/post"}],"author":[{"embeddable":true,"href":"https:\/\/www.schulelindern.de\/index.php?rest_route=\/wp\/v2\/users\/1002"}],"replies":[{"embeddable":true,"href":"https:\/\/www.schulelindern.de\/index.php?rest_route=%2Fwp%2Fv2%2Fcomments&post=2425092"}],"version-history":[{"count":1,"href":"https:\/\/www.schulelindern.de\/index.php?rest_route=\/wp\/v2\/posts\/2425092\/revisions"}],"predecessor-version":[{"id":2425094,"href":"https:\/\/www.schulelindern.de\/index.php?rest_route=\/wp\/v2\/posts\/2425092\/revisions\/2425094"}],"wp:attachment":[{"href":"https:\/\/www.schulelindern.de\/index.php?rest_route=%2Fwp%2Fv2%2Fmedia&parent=2425092"}],"wp:term":[{"taxonomy":"category","embeddable":true,"href":"https:\/\/www.schulelindern.de\/index.php?rest_route=%2Fwp%2Fv2%2Fcategories&post=2425092"},{"taxonomy":"post_tag","embeddable":true,"href":"https:\/\/www.schulelindern.de\/index.php?rest_route=%2Fwp%2Fv2%2Ftags&post=2425092"}],"curies":[{"name":"wp","href":"https:\/\/api.w.org\/{rel}","templated":true}]}}