{"id":2425089,"date":"2024-05-29T09:26:17","date_gmt":"2024-05-29T07:26:17","guid":{"rendered":"https:\/\/www.schulelindern.de\/?p=2425089"},"modified":"2024-05-29T09:26:17","modified_gmt":"2024-05-29T07:26:17","slug":"neues-lesekonzept-an-der-grundschule","status":"publish","type":"post","link":"https:\/\/www.schulelindern.de\/?p=2425089","title":{"rendered":"Neues Lesekonzept an der Grundschule"},"content":{"rendered":"\n<p>Lesen ist ein wichtiger Bestandteil des allt\u00e4glichen Lebens. Wir als Grundschule haben es uns zum Ziel gesetzt, das Lesen mehr in den Unterricht zu integrieren und so die Lesekompetenzen der Kinder zu st\u00e4rken und auszubauen. Seit dem 04. M\u00e4rz 2024 beginnen wir nun jeden Schultag von 08:15 Uhr bis 08:30 Uhr mit der \u201eLesezeit\u201c. Um das Lesen spannend und abwechslungsreich zu gestalten sowie verschiedene Bereiche der Lesekompetenz anzusprechen, haben wir uns f\u00fcr verschiedene Lesemethoden \u00fcberlegt. So findet an jedem Wochentag eine andere Lesemethode statt, die sich im w\u00f6chentlichen Rhythmus wiederholt. An einem Tag liest die Lehrerin vor, an einem anderen Tag wird mit einem Partner zusammen gelesen. Mal liest die ganze Klasse zusammen im Chor, dann wieder jeder f\u00fcr sich alleine sinnentnehmend oder einen selbst ausgew\u00e4hlten Text. Alle sind sich einig: Die \u201eLesezeit\u201c ist eine Bereicherung f\u00fcr den Schulalltag und nicht mehr wegzudenken!<\/p>\n\n\n\n<figure class=\"wp-block-image size-large\"><img loading=\"lazy\" decoding=\"async\" width=\"500\" height=\"375\" src=\"https:\/\/www.schulelindern.de\/wp-content\/uploads\/2024\/05\/Lesezeit-500x375.jpg\" alt=\"\" class=\"wp-image-2425090\" srcset=\"https:\/\/www.schulelindern.de\/wp-content\/uploads\/2024\/05\/Lesezeit-500x375.jpg 500w, https:\/\/www.schulelindern.de\/wp-content\/uploads\/2024\/05\/Lesezeit-300x225.jpg 300w, https:\/\/www.schulelindern.de\/wp-content\/uploads\/2024\/05\/Lesezeit-768x576.jpg 768w, https:\/\/www.schulelindern.de\/wp-content\/uploads\/2024\/05\/Lesezeit-1536x1152.jpg 1536w, https:\/\/www.schulelindern.de\/wp-content\/uploads\/2024\/05\/Lesezeit-2048x1536.jpg 2048w, https:\/\/www.schulelindern.de\/wp-content\/uploads\/2024\/05\/Lesezeit-400x300.jpg 400w\" sizes=\"auto, (max-width: 500px) 100vw, 500px\" \/><\/figure>\n","protected":false},"excerpt":{"rendered":"<p>Lesen ist ein wichtiger Bestandteil des allt\u00e4glichen Lebens. Wir als Grundschule haben es uns zum Ziel gesetzt, das Lesen mehr in den Unterricht zu integrieren und so die Lesekompetenzen der Kinder zu st\u00e4rken und auszubauen. Seit dem 04. M\u00e4rz 2024 &hellip; <a href=\"https:\/\/www.schulelindern.de\/?p=2425089\">Weiterlesen <span class=\"meta-nav\">&rarr;<\/span><\/a><\/p>\n","protected":false},"author":1002,"featured_media":0,"comment_status":"closed","ping_status":"closed","sticky":true,"template":"","format":"standard","meta":{"footnotes":""},"categories":[106],"tags":[],"class_list":["post-2425089","post","type-post","status-publish","format-standard","hentry","category-aktuelles"],"_links":{"self":[{"href":"https:\/\/www.schulelindern.de\/index.php?rest_route=\/wp\/v2\/posts\/2425089","targetHints":{"allow":["GET"]}}],"collection":[{"href":"https:\/\/www.schulelindern.de\/index.php?rest_route=\/wp\/v2\/posts"}],"about":[{"href":"https:\/\/www.schulelindern.de\/index.php?rest_route=\/wp\/v2\/types\/post"}],"author":[{"embeddable":true,"href":"https:\/\/www.schulelindern.de\/index.php?rest_route=\/wp\/v2\/users\/1002"}],"replies":[{"embeddable":true,"href":"https:\/\/www.schulelindern.de\/index.php?rest_route=%2Fwp%2Fv2%2Fcomments&post=2425089"}],"version-history":[{"count":1,"href":"https:\/\/www.schulelindern.de\/index.php?rest_route=\/wp\/v2\/posts\/2425089\/revisions"}],"predecessor-version":[{"id":2425091,"href":"https:\/\/www.schulelindern.de\/index.php?rest_route=\/wp\/v2\/posts\/2425089\/revisions\/2425091"}],"wp:attachment":[{"href":"https:\/\/www.schulelindern.de\/index.php?rest_route=%2Fwp%2Fv2%2Fmedia&parent=2425089"}],"wp:term":[{"taxonomy":"category","embeddable":true,"href":"https:\/\/www.schulelindern.de\/index.php?rest_route=%2Fwp%2Fv2%2Fcategories&post=2425089"},{"taxonomy":"post_tag","embeddable":true,"href":"https:\/\/www.schulelindern.de\/index.php?rest_route=%2Fwp%2Fv2%2Ftags&post=2425089"}],"curies":[{"name":"wp","href":"https:\/\/api.w.org\/{rel}","templated":true}]}}