{"id":2425063,"date":"2024-04-28T09:10:47","date_gmt":"2024-04-28T07:10:47","guid":{"rendered":"https:\/\/www.schulelindern.de\/?p=2425063"},"modified":"2024-04-28T09:27:07","modified_gmt":"2024-04-28T07:27:07","slug":"verleihung-des-siegels-schule-ohne-rassismus-schule-mit-courage","status":"publish","type":"post","link":"https:\/\/www.schulelindern.de\/?p=2425063","title":{"rendered":"Verleihung des Siegels \u201eSchule ohne Rassismus \u2013 Schule mit Courage\u201c"},"content":{"rendered":"\n<p>Am Dienstag, den 23. April 2024, war ein besonderer Tag f\u00fcr unsere Schule, denn wir haben in der Aula die feierliche Verleihung des Siegels \u201eSchule ohne Rassismus \u2013 Schule mit Courage\u201c gefeiert. Dieses wichtige Ereignis wurde von einem Aktionstag begleitet, an dem unsere Sch\u00fclerinnen und Sch\u00fcler durch vielf\u00e4ltige Projekte und kreative Arbeiten das Thema Rassismus aktiv bearbeiteten.<\/p>\n\n\n\n<p>Unsere Schulleiterin, Petra Wodke-Schmeier, betonte in ihrer Rede die Bedeutung von Vielfalt und gegenseitigem Respekt im Schulalltag. Wir sind stolz darauf, dass wir mit Unterst\u00fctzung von B\u00fcrgermeisterin Lydia Kocar, die die Patenschaft f\u00fcr unser Projekt \u00fcbernommen hat, ein starkes Zeichen gegen Rassismus setzen k\u00f6nnen.<\/p>\n\n\n\n<p>F\u00fcr weitere Informationen zum Netzwerk \u201eSchule ohne Rassismus \u2013 Schule mit Courage\u201c und zu unserem Aktionstag, besuchen Sie bitte die folgenden Links:<\/p>\n\n\n\n<ul class=\"wp-block-list\">\n<li><a href=\"https:\/\/www.schule-ohne-rassismus.org\/\">\u00dcber das Netzwerk \u201eSchule ohne Rassismus \u2013 Schule mit Courage\u201c<\/a><\/li>\n\n\n\n<li><a href=\"https:\/\/www.e-pages.dk\/munsterlandischetageszeitung\/397\/article\/2028210\/17\/3\/render\/?token=402ea34d41130b8c70f2c5267ea850e4&amp;vl_app_id=de.om.areader&amp;vl_app_version=12.14.1&amp;vl_platform=android\">Lesen Sie den vollst\u00e4ndigen Bericht in der M\u00fcnsterl\u00e4ndischen Tageszeitung<\/a><\/li>\n<\/ul>\n\n\n\n<figure class=\"wp-block-gallery has-nested-images columns-default is-cropped wp-block-gallery-1 is-layout-flex wp-block-gallery-is-layout-flex\">\n<figure class=\"wp-block-image size-large\"><img loading=\"lazy\" decoding=\"async\" width=\"500\" height=\"263\" data-id=\"2425065\" src=\"https:\/\/www.schulelindern.de\/wp-content\/uploads\/2024\/04\/6FBCB067-778D-4AB3-8B45-1AB1B4B5CDC1-500x263.jpeg\" alt=\"\" class=\"wp-image-2425065\" srcset=\"https:\/\/www.schulelindern.de\/wp-content\/uploads\/2024\/04\/6FBCB067-778D-4AB3-8B45-1AB1B4B5CDC1-500x263.jpeg 500w, https:\/\/www.schulelindern.de\/wp-content\/uploads\/2024\/04\/6FBCB067-778D-4AB3-8B45-1AB1B4B5CDC1-300x158.jpeg 300w, https:\/\/www.schulelindern.de\/wp-content\/uploads\/2024\/04\/6FBCB067-778D-4AB3-8B45-1AB1B4B5CDC1-768x403.jpeg 768w, https:\/\/www.schulelindern.de\/wp-content\/uploads\/2024\/04\/6FBCB067-778D-4AB3-8B45-1AB1B4B5CDC1.jpeg 1440w\" sizes=\"auto, (max-width: 500px) 100vw, 500px\" \/><\/figure>\n\n\n\n<figure class=\"wp-block-image size-large\"><img loading=\"lazy\" decoding=\"async\" width=\"500\" height=\"375\" data-id=\"2425068\" src=\"https:\/\/www.schulelindern.de\/wp-content\/uploads\/2024\/04\/IMG_8692-500x375.jpeg\" alt=\"\" class=\"wp-image-2425068\" srcset=\"https:\/\/www.schulelindern.de\/wp-content\/uploads\/2024\/04\/IMG_8692-500x375.jpeg 500w, https:\/\/www.schulelindern.de\/wp-content\/uploads\/2024\/04\/IMG_8692-300x225.jpeg 300w, https:\/\/www.schulelindern.de\/wp-content\/uploads\/2024\/04\/IMG_8692-768x576.jpeg 768w, https:\/\/www.schulelindern.de\/wp-content\/uploads\/2024\/04\/IMG_8692-1536x1152.jpeg 1536w, https:\/\/www.schulelindern.de\/wp-content\/uploads\/2024\/04\/IMG_8692-2048x1536.jpeg 2048w, https:\/\/www.schulelindern.de\/wp-content\/uploads\/2024\/04\/IMG_8692-400x300.jpeg 400w\" sizes=\"auto, (max-width: 500px) 100vw, 500px\" \/><\/figure>\n\n\n\n<figure class=\"wp-block-image size-large\"><img loading=\"lazy\" decoding=\"async\" width=\"500\" height=\"375\" data-id=\"2425069\" src=\"https:\/\/www.schulelindern.de\/wp-content\/uploads\/2024\/04\/IMG_8696-500x375.jpeg\" alt=\"\" class=\"wp-image-2425069\" srcset=\"https:\/\/www.schulelindern.de\/wp-content\/uploads\/2024\/04\/IMG_8696-500x375.jpeg 500w, https:\/\/www.schulelindern.de\/wp-content\/uploads\/2024\/04\/IMG_8696-300x225.jpeg 300w, https:\/\/www.schulelindern.de\/wp-content\/uploads\/2024\/04\/IMG_8696-768x576.jpeg 768w, https:\/\/www.schulelindern.de\/wp-content\/uploads\/2024\/04\/IMG_8696-1536x1152.jpeg 1536w, https:\/\/www.schulelindern.de\/wp-content\/uploads\/2024\/04\/IMG_8696-2048x1536.jpeg 2048w, https:\/\/www.schulelindern.de\/wp-content\/uploads\/2024\/04\/IMG_8696-400x300.jpeg 400w\" sizes=\"auto, (max-width: 500px) 100vw, 500px\" \/><\/figure>\n\n\n\n<figure class=\"wp-block-image size-large\"><img loading=\"lazy\" decoding=\"async\" width=\"500\" height=\"223\" data-id=\"2425067\" src=\"https:\/\/www.schulelindern.de\/wp-content\/uploads\/2024\/04\/IMG_8729-500x223.jpeg\" alt=\"\" class=\"wp-image-2425067\" srcset=\"https:\/\/www.schulelindern.de\/wp-content\/uploads\/2024\/04\/IMG_8729-500x223.jpeg 500w, https:\/\/www.schulelindern.de\/wp-content\/uploads\/2024\/04\/IMG_8729-300x134.jpeg 300w, https:\/\/www.schulelindern.de\/wp-content\/uploads\/2024\/04\/IMG_8729-768x343.jpeg 768w, https:\/\/www.schulelindern.de\/wp-content\/uploads\/2024\/04\/IMG_8729-1536x686.jpeg 1536w, https:\/\/www.schulelindern.de\/wp-content\/uploads\/2024\/04\/IMG_8729-2048x914.jpeg 2048w\" sizes=\"auto, (max-width: 500px) 100vw, 500px\" \/><\/figure>\n\n\n\n<figure class=\"wp-block-image size-large\"><img loading=\"lazy\" decoding=\"async\" width=\"500\" height=\"375\" data-id=\"2425070\" src=\"https:\/\/www.schulelindern.de\/wp-content\/uploads\/2024\/04\/IMG_8732-500x375.jpeg\" alt=\"\" class=\"wp-image-2425070\" srcset=\"https:\/\/www.schulelindern.de\/wp-content\/uploads\/2024\/04\/IMG_8732-500x375.jpeg 500w, https:\/\/www.schulelindern.de\/wp-content\/uploads\/2024\/04\/IMG_8732-300x225.jpeg 300w, https:\/\/www.schulelindern.de\/wp-content\/uploads\/2024\/04\/IMG_8732-768x576.jpeg 768w, https:\/\/www.schulelindern.de\/wp-content\/uploads\/2024\/04\/IMG_8732-1536x1152.jpeg 1536w, https:\/\/www.schulelindern.de\/wp-content\/uploads\/2024\/04\/IMG_8732-2048x1536.jpeg 2048w, https:\/\/www.schulelindern.de\/wp-content\/uploads\/2024\/04\/IMG_8732-400x300.jpeg 400w\" sizes=\"auto, (max-width: 500px) 100vw, 500px\" \/><\/figure>\n\n\n\n<figure class=\"wp-block-image size-large\"><img loading=\"lazy\" decoding=\"async\" width=\"500\" height=\"263\" data-id=\"2425064\" src=\"https:\/\/www.schulelindern.de\/wp-content\/uploads\/2024\/04\/WhatsApp-Image-2024-04-25-at-14.16.24-1-500x263.jpeg\" alt=\"\" class=\"wp-image-2425064\" srcset=\"https:\/\/www.schulelindern.de\/wp-content\/uploads\/2024\/04\/WhatsApp-Image-2024-04-25-at-14.16.24-1-500x263.jpeg 500w, https:\/\/www.schulelindern.de\/wp-content\/uploads\/2024\/04\/WhatsApp-Image-2024-04-25-at-14.16.24-1-300x158.jpeg 300w, https:\/\/www.schulelindern.de\/wp-content\/uploads\/2024\/04\/WhatsApp-Image-2024-04-25-at-14.16.24-1-768x403.jpeg 768w, https:\/\/www.schulelindern.de\/wp-content\/uploads\/2024\/04\/WhatsApp-Image-2024-04-25-at-14.16.24-1.jpeg 1440w\" sizes=\"auto, (max-width: 500px) 100vw, 500px\" \/><\/figure>\n\n\n\n<figure class=\"wp-block-image size-large\"><img loading=\"lazy\" decoding=\"async\" width=\"500\" height=\"175\" data-id=\"2425066\" src=\"https:\/\/www.schulelindern.de\/wp-content\/uploads\/2024\/04\/WhatsApp-Image-2024-04-25-at-14.16.35-1-500x175.jpeg\" alt=\"\" class=\"wp-image-2425066\" srcset=\"https:\/\/www.schulelindern.de\/wp-content\/uploads\/2024\/04\/WhatsApp-Image-2024-04-25-at-14.16.35-1-500x175.jpeg 500w, https:\/\/www.schulelindern.de\/wp-content\/uploads\/2024\/04\/WhatsApp-Image-2024-04-25-at-14.16.35-1-300x105.jpeg 300w, https:\/\/www.schulelindern.de\/wp-content\/uploads\/2024\/04\/WhatsApp-Image-2024-04-25-at-14.16.35-1-768x269.jpeg 768w, https:\/\/www.schulelindern.de\/wp-content\/uploads\/2024\/04\/WhatsApp-Image-2024-04-25-at-14.16.35-1-1536x539.jpeg 1536w, https:\/\/www.schulelindern.de\/wp-content\/uploads\/2024\/04\/WhatsApp-Image-2024-04-25-at-14.16.35-1.jpeg 2048w\" sizes=\"auto, (max-width: 500px) 100vw, 500px\" \/><\/figure>\n<\/figure>\n","protected":false},"excerpt":{"rendered":"<p>Am Dienstag, den 23. April 2024, war ein besonderer Tag f\u00fcr unsere Schule, denn wir haben in der Aula die feierliche Verleihung des Siegels \u201eSchule ohne Rassismus \u2013 Schule mit Courage\u201c gefeiert. Dieses wichtige Ereignis wurde von einem Aktionstag begleitet, &hellip; <a href=\"https:\/\/www.schulelindern.de\/?p=2425063\">Weiterlesen <span class=\"meta-nav\">&rarr;<\/span><\/a><\/p>\n","protected":false},"author":1002,"featured_media":0,"comment_status":"closed","ping_status":"closed","sticky":true,"template":"","format":"standard","meta":{"footnotes":""},"categories":[106],"tags":[356,357],"class_list":["post-2425063","post","type-post","status-publish","format-standard","hentry","category-aktuelles","tag-aktionstag-gegen-rassismus","tag-lindern-oberschule"],"_links":{"self":[{"href":"https:\/\/www.schulelindern.de\/index.php?rest_route=\/wp\/v2\/posts\/2425063","targetHints":{"allow":["GET"]}}],"collection":[{"href":"https:\/\/www.schulelindern.de\/index.php?rest_route=\/wp\/v2\/posts"}],"about":[{"href":"https:\/\/www.schulelindern.de\/index.php?rest_route=\/wp\/v2\/types\/post"}],"author":[{"embeddable":true,"href":"https:\/\/www.schulelindern.de\/index.php?rest_route=\/wp\/v2\/users\/1002"}],"replies":[{"embeddable":true,"href":"https:\/\/www.schulelindern.de\/index.php?rest_route=%2Fwp%2Fv2%2Fcomments&post=2425063"}],"version-history":[{"count":3,"href":"https:\/\/www.schulelindern.de\/index.php?rest_route=\/wp\/v2\/posts\/2425063\/revisions"}],"predecessor-version":[{"id":2425073,"href":"https:\/\/www.schulelindern.de\/index.php?rest_route=\/wp\/v2\/posts\/2425063\/revisions\/2425073"}],"wp:attachment":[{"href":"https:\/\/www.schulelindern.de\/index.php?rest_route=%2Fwp%2Fv2%2Fmedia&parent=2425063"}],"wp:term":[{"taxonomy":"category","embeddable":true,"href":"https:\/\/www.schulelindern.de\/index.php?rest_route=%2Fwp%2Fv2%2Fcategories&post=2425063"},{"taxonomy":"post_tag","embeddable":true,"href":"https:\/\/www.schulelindern.de\/index.php?rest_route=%2Fwp%2Fv2%2Ftags&post=2425063"}],"curies":[{"name":"wp","href":"https:\/\/api.w.org\/{rel}","templated":true}]}}