{"id":2424933,"date":"2023-12-23T12:36:12","date_gmt":"2023-12-23T11:36:12","guid":{"rendered":"https:\/\/www.schulelindern.de\/?p=2424933"},"modified":"2023-12-23T12:36:12","modified_gmt":"2023-12-23T11:36:12","slug":"schlaue-koepfe-tragen-helm-linderner-grundschueler-freuen-sich","status":"publish","type":"post","link":"https:\/\/www.schulelindern.de\/?p=2424933","title":{"rendered":"Schlaue K\u00f6pfe tragen Helm \u2013 Linderner Grundsch\u00fcler freuen sich!"},"content":{"rendered":"\n<p>\u00dcber vorweihnachtlichen Besuch durften sich alle Sch\u00fclerinnen und Sch\u00fcler der Grundschule Lindern jetzt freuen. Im Rahmen der Aktion \u201eSchlaue K\u00f6pfe tragen Helm\u201c reisten die Linderner Bundestagsabgeordnete Silvia Breher, der ehemalige Kreiselternratsvorsitzende Arwid Romey und die Elternvertreterin im Kreiselternrat Andrea Thiering-Moormann an und wurden von der Schulleiterin Petra Wodke-Schmeier herzlich begr\u00fc\u00dft.<\/p>\n\n\n\n<p>Anschlie\u00dfend wurden pro Klasse 2 Fahrradhelme verlost. Die Freude der Gewinnerinnen und Gewinner war sichtlich gro\u00df. Ziel dieser Aktion ist es, alle Grundsch\u00fcler m\u00f6glichst fr\u00fch daran zu gew\u00f6hnen, einen Helm beim Radfahren zu tragen. Mit fr\u00f6hlichen Weihnachtsliedern bedankten sich alle Kinder f\u00fcr die Initiative \u201eSchlaue K\u00f6pfe tragen Helm\u201c.<\/p>\n\n\n\n<figure class=\"wp-block-image size-large\"><img loading=\"lazy\" decoding=\"async\" width=\"500\" height=\"333\" src=\"https:\/\/www.schulelindern.de\/wp-content\/uploads\/2023\/12\/IMG_4875-500x333.jpg\" alt=\"\" class=\"wp-image-2424934\" srcset=\"https:\/\/www.schulelindern.de\/wp-content\/uploads\/2023\/12\/IMG_4875-500x333.jpg 500w, https:\/\/www.schulelindern.de\/wp-content\/uploads\/2023\/12\/IMG_4875-300x200.jpg 300w, https:\/\/www.schulelindern.de\/wp-content\/uploads\/2023\/12\/IMG_4875-768x512.jpg 768w, https:\/\/www.schulelindern.de\/wp-content\/uploads\/2023\/12\/IMG_4875-1536x1024.jpg 1536w, https:\/\/www.schulelindern.de\/wp-content\/uploads\/2023\/12\/IMG_4875-2048x1365.jpg 2048w, https:\/\/www.schulelindern.de\/wp-content\/uploads\/2023\/12\/IMG_4875-450x300.jpg 450w\" sizes=\"auto, (max-width: 500px) 100vw, 500px\" \/><\/figure>\n","protected":false},"excerpt":{"rendered":"<p>\u00dcber vorweihnachtlichen Besuch durften sich alle Sch\u00fclerinnen und Sch\u00fcler der Grundschule Lindern jetzt freuen. Im Rahmen der Aktion \u201eSchlaue K\u00f6pfe tragen Helm\u201c reisten die Linderner Bundestagsabgeordnete Silvia Breher, der ehemalige Kreiselternratsvorsitzende Arwid Romey und die Elternvertreterin im Kreiselternrat Andrea Thiering-Moormann &hellip; <a href=\"https:\/\/www.schulelindern.de\/?p=2424933\">Weiterlesen <span class=\"meta-nav\">&rarr;<\/span><\/a><\/p>\n","protected":false},"author":1002,"featured_media":0,"comment_status":"closed","ping_status":"closed","sticky":true,"template":"","format":"standard","meta":{"footnotes":""},"categories":[106],"tags":[],"class_list":["post-2424933","post","type-post","status-publish","format-standard","hentry","category-aktuelles"],"_links":{"self":[{"href":"https:\/\/www.schulelindern.de\/index.php?rest_route=\/wp\/v2\/posts\/2424933","targetHints":{"allow":["GET"]}}],"collection":[{"href":"https:\/\/www.schulelindern.de\/index.php?rest_route=\/wp\/v2\/posts"}],"about":[{"href":"https:\/\/www.schulelindern.de\/index.php?rest_route=\/wp\/v2\/types\/post"}],"author":[{"embeddable":true,"href":"https:\/\/www.schulelindern.de\/index.php?rest_route=\/wp\/v2\/users\/1002"}],"replies":[{"embeddable":true,"href":"https:\/\/www.schulelindern.de\/index.php?rest_route=%2Fwp%2Fv2%2Fcomments&post=2424933"}],"version-history":[{"count":1,"href":"https:\/\/www.schulelindern.de\/index.php?rest_route=\/wp\/v2\/posts\/2424933\/revisions"}],"predecessor-version":[{"id":2424935,"href":"https:\/\/www.schulelindern.de\/index.php?rest_route=\/wp\/v2\/posts\/2424933\/revisions\/2424935"}],"wp:attachment":[{"href":"https:\/\/www.schulelindern.de\/index.php?rest_route=%2Fwp%2Fv2%2Fmedia&parent=2424933"}],"wp:term":[{"taxonomy":"category","embeddable":true,"href":"https:\/\/www.schulelindern.de\/index.php?rest_route=%2Fwp%2Fv2%2Fcategories&post=2424933"},{"taxonomy":"post_tag","embeddable":true,"href":"https:\/\/www.schulelindern.de\/index.php?rest_route=%2Fwp%2Fv2%2Ftags&post=2424933"}],"curies":[{"name":"wp","href":"https:\/\/api.w.org\/{rel}","templated":true}]}}