{"id":2424627,"date":"2023-03-10T09:45:07","date_gmt":"2023-03-10T08:45:07","guid":{"rendered":"https:\/\/www.schulelindern.de\/?p=2424627"},"modified":"2023-03-10T09:45:07","modified_gmt":"2023-03-10T08:45:07","slug":"betriebsbesichtigung-bei-schne-frost-in-loeningen","status":"publish","type":"post","link":"https:\/\/www.schulelindern.de\/?p=2424627","title":{"rendered":"Betriebsbesichtigung bei Schne-Frost in L\u00f6ningen"},"content":{"rendered":"\n<p>Am 09.02.2023 besuchten die Sch\u00fcler der Jahrg\u00e4nge 9 und 10 der Grund- und Oberschule Lindern in Begleitung ihrer Lehrkr\u00e4fte Frau Vodde und Herrn Kellner die Firma Schne-frost Ernst Schnetkamp GmbH &amp; Co. KG in L\u00f6ningen. Die Betriebsbesichtigung bestand aus zwei Instanzen. Frau Kerperin, eine Mitarbeiterin der Personalabteilung, stellte den Betrieb vor und informierte die Sch\u00fcler in erster Linie \u00fcber die Voraussetzungen, Anforderungen und Weiterbildungsm\u00f6glichkeiten der verschiedenen Ausbildungsberufe, die im Unternehmen erlernt werden k\u00f6nnen. Herr Staack und Herr Herber f\u00fchrten dann die Besichtigung des Betriebes durch. Den Sch\u00fclern wurden die verschiedenen Abteilungen des gezeigt und kompetent erl\u00e4utert. Zudem wurden ihnen viele Fragen zum Unternehmen und zu den Ausbildungsberufen beantwortet. Ein kleiner Imbiss mit einer Kostprobe einiger Produkte der Firma Schne-frost rundete den sehr informativen und erkenntnisreichen Vormittag im Betrieb ab.<\/p>\n\n\n\n<figure class=\"wp-block-gallery has-nested-images columns-default is-cropped wp-block-gallery-1 is-layout-flex wp-block-gallery-is-layout-flex\">\n<figure class=\"wp-block-image size-large\"><img loading=\"lazy\" decoding=\"async\" width=\"450\" height=\"600\" data-id=\"2424628\" src=\"https:\/\/www.schulelindern.de\/wp-content\/uploads\/2023\/03\/Schne-Frost2-450x600.jpg\" alt=\"\" class=\"wp-image-2424628\" srcset=\"https:\/\/www.schulelindern.de\/wp-content\/uploads\/2023\/03\/Schne-Frost2-450x600.jpg 450w, https:\/\/www.schulelindern.de\/wp-content\/uploads\/2023\/03\/Schne-Frost2-225x300.jpg 225w, https:\/\/www.schulelindern.de\/wp-content\/uploads\/2023\/03\/Schne-Frost2.jpg 768w\" sizes=\"auto, (max-width: 450px) 100vw, 450px\" \/><\/figure>\n\n\n\n<figure class=\"wp-block-image size-large\"><img loading=\"lazy\" decoding=\"async\" width=\"450\" height=\"600\" data-id=\"2424629\" src=\"https:\/\/www.schulelindern.de\/wp-content\/uploads\/2023\/03\/Schne-Frost1-450x600.jpg\" alt=\"\" class=\"wp-image-2424629\" srcset=\"https:\/\/www.schulelindern.de\/wp-content\/uploads\/2023\/03\/Schne-Frost1-450x600.jpg 450w, https:\/\/www.schulelindern.de\/wp-content\/uploads\/2023\/03\/Schne-Frost1-225x300.jpg 225w, https:\/\/www.schulelindern.de\/wp-content\/uploads\/2023\/03\/Schne-Frost1.jpg 768w\" sizes=\"auto, (max-width: 450px) 100vw, 450px\" \/><\/figure>\n<\/figure>\n","protected":false},"excerpt":{"rendered":"<p>Am 09.02.2023 besuchten die Sch\u00fcler der Jahrg\u00e4nge 9 und 10 der Grund- und Oberschule Lindern in Begleitung ihrer Lehrkr\u00e4fte Frau Vodde und Herrn Kellner die Firma Schne-frost Ernst Schnetkamp GmbH &amp; Co. KG in L\u00f6ningen. Die Betriebsbesichtigung bestand aus zwei &hellip; <a href=\"https:\/\/www.schulelindern.de\/?p=2424627\">Weiterlesen <span class=\"meta-nav\">&rarr;<\/span><\/a><\/p>\n","protected":false},"author":1002,"featured_media":0,"comment_status":"closed","ping_status":"closed","sticky":true,"template":"","format":"standard","meta":{"footnotes":""},"categories":[106],"tags":[],"class_list":["post-2424627","post","type-post","status-publish","format-standard","hentry","category-aktuelles"],"_links":{"self":[{"href":"https:\/\/www.schulelindern.de\/index.php?rest_route=\/wp\/v2\/posts\/2424627","targetHints":{"allow":["GET"]}}],"collection":[{"href":"https:\/\/www.schulelindern.de\/index.php?rest_route=\/wp\/v2\/posts"}],"about":[{"href":"https:\/\/www.schulelindern.de\/index.php?rest_route=\/wp\/v2\/types\/post"}],"author":[{"embeddable":true,"href":"https:\/\/www.schulelindern.de\/index.php?rest_route=\/wp\/v2\/users\/1002"}],"replies":[{"embeddable":true,"href":"https:\/\/www.schulelindern.de\/index.php?rest_route=%2Fwp%2Fv2%2Fcomments&post=2424627"}],"version-history":[{"count":1,"href":"https:\/\/www.schulelindern.de\/index.php?rest_route=\/wp\/v2\/posts\/2424627\/revisions"}],"predecessor-version":[{"id":2424630,"href":"https:\/\/www.schulelindern.de\/index.php?rest_route=\/wp\/v2\/posts\/2424627\/revisions\/2424630"}],"wp:attachment":[{"href":"https:\/\/www.schulelindern.de\/index.php?rest_route=%2Fwp%2Fv2%2Fmedia&parent=2424627"}],"wp:term":[{"taxonomy":"category","embeddable":true,"href":"https:\/\/www.schulelindern.de\/index.php?rest_route=%2Fwp%2Fv2%2Fcategories&post=2424627"},{"taxonomy":"post_tag","embeddable":true,"href":"https:\/\/www.schulelindern.de\/index.php?rest_route=%2Fwp%2Fv2%2Ftags&post=2424627"}],"curies":[{"name":"wp","href":"https:\/\/api.w.org\/{rel}","templated":true}]}}